{"id":3169,"date":"2025-02-18T15:59:01","date_gmt":"2025-02-18T18:59:01","guid":{"rendered":"https:\/\/attualebrasil.com.br\/?p=3169"},"modified":"2025-08-11T12:00:27","modified_gmt":"2025-08-11T15:00:27","slug":"limpeza-pos-morte-como-lidar-com-a-despedida-e-o-processo-de-limpeza","status":"publish","type":"post","link":"https:\/\/attualebrasil.com.br\/es\/limpeza-pos-morte-como-lidar-com-a-despedida-e-o-processo-de-limpeza\/","title":{"rendered":"Limpeza p\u00f3s-morte: como lidar com a despedida e o processo de limpeza?"},"content":{"rendered":"<p>Lidar com a perda de algu\u00e9m pr\u00f3ximo \u00e9 um dos momentos mais dif\u00edceis da vida. Al\u00e9m de lidar com o luto, h\u00e1 quest\u00f5es pr\u00e1ticas a serem resolvidas, e uma delas \u00e9 a <strong>limpieza post mortem<\/strong>. Esse processo envolve cuidados especiais e profissionais capacitados para garantir que o ambiente seja seguro e limpo.<\/p>\n\n\n\n<p>Vamos entender como essa etapa funciona e quais s\u00e3o as melhores formas de encarar essa tarefa delicada.<\/p>\n\n\n\n<h3 class=\"wp-block-heading\" id=\"h-a-importancia-de-cuidar-do-ambiente-apos-a-perda\"><a><\/a><strong>A Import\u00e2ncia de Cuidar do Ambiente Ap\u00f3s a Perda<\/strong><\/h3>\n\n\n\n<p>Quando um ente querido parte, \u00e9 natural querer preservar boas lembran\u00e7as e evitar revisitar a dor. Entretanto, em casos de falecimento dentro de uma resid\u00eancia ou local privado, a <strong>limpieza post mortem<\/strong> \u00e9 fundamental para garantir a sa\u00fade e seguran\u00e7a de todos que voltam a frequentar o espa\u00e7o. Esse tipo de servi\u00e7o \u00e9 ainda mais essencial quando o ambiente pode ter sido exposto a riscos biol\u00f3gicos.<\/p>\n\n\n\n<p>\u00c9 importante compreender que uma limpeza convencional n\u00e3o \u00e9 suficiente em casos assim. A <strong>limpieza post mortem<\/strong> exige equipamentos e t\u00e9cnicas espec\u00edficas para eliminar contamina\u00e7\u00f5es e deixar o ambiente completamente seguro. O processo pode incluir desde a remo\u00e7\u00e3o de materiais biol\u00f3gicos at\u00e9 a desinfec\u00e7\u00e3o completa do local.<\/p>\n\n\n\n<h3 class=\"wp-block-heading\" id=\"h-como-funciona-a-limpeza-pos-morte\"><a><\/a><strong>Como Funciona a Limpeza P\u00f3s-Morte?<\/strong><\/h3>\n\n\n\n<p>LA <strong>limpieza post mortem<\/strong> \u00e9 realizada por equipes profissionais altamente treinadas que lidam com situa\u00e7\u00f5es delicadas e, ao mesmo tempo, perigosas. Esse servi\u00e7o especializado utiliza produtos e equipamentos de \u00faltima gera\u00e7\u00e3o, que s\u00e3o eficazes na desinfec\u00e7\u00e3o e elimina\u00e7\u00e3o de qualquer risco de contamina\u00e7\u00e3o.<\/p>\n\n\n\n<h4 class=\"wp-block-heading\" id=\"h-etapas-do-processo-de-limpeza-pos-morte\"><a><\/a>Etapas do Processo de Limpeza P\u00f3s-Morte<\/h4>\n\n\n\n<p><strong>Avalia\u00e7\u00e3o Inicial: <\/strong>Os profissionais realizam uma inspe\u00e7\u00e3o do ambiente para entender o n\u00edvel de contamina\u00e7\u00e3o e os riscos presentes.<\/p>\n\n\n\n<p><strong>Isolamento da \u00c1rea:<\/strong> Para evitar a propaga\u00e7\u00e3o de qualquer contaminante, o local \u00e9 isolado at\u00e9 que a limpeza esteja completa.<\/p>\n\n\n\n<p><strong>Remo\u00e7\u00e3o de Res\u00edduos: <\/strong>Qualquer material biol\u00f3gico ou item contaminado \u00e9 removido com seguran\u00e7a e descartado de forma apropriada.<\/p>\n\n\n\n<p><strong>Desinfec\u00e7\u00e3o Completa: <\/strong>Utilizam-se produtos desinfetantes de alta efici\u00eancia, aplicados com tecnologias espec\u00edficas para garantir a total elimina\u00e7\u00e3o de agentes patog\u00eanicos.<\/p>\n\n\n\n<p><strong>Verifica\u00e7\u00e3o Final:<\/strong> Ap\u00f3s a limpeza, testes microbiol\u00f3gicos s\u00e3o realizados para garantir que o ambiente est\u00e1 seguro para uso.<\/p>\n\n\n\n<h3 class=\"wp-block-heading\" id=\"h-lidando-com-o-aspecto-emocional-da-limpeza\"><a><\/a><strong>Lidando com o Aspecto Emocional da Limpeza<\/strong><\/h3>\n\n\n\n<p>El proceso de <strong>limpieza post mortem<\/strong> n\u00e3o \u00e9 apenas t\u00e9cnico; ele carrega tamb\u00e9m um peso emocional muito forte para os familiares e amigos que precisam se despedir. \u00c9 normal sentir desconforto e tristeza ao lidar com esses detalhes, e procurar ajuda emocional, como suporte de familiares e amigos ou at\u00e9 mesmo apoio psicol\u00f3gico, pode fazer uma grande diferen\u00e7a.<\/p>\n\n\n\n<p>Algumas dicas para encarar esse momento s\u00e3o:<\/p>\n\n\n\n<ul class=\"wp-block-list\">\n<li><strong>D\u00ea um passo de cada vez<\/strong>: N\u00e3o se sinta pressionado a resolver tudo de uma s\u00f3 vez. A despedida e os arranjos podem ser feitos gradualmente.<\/li>\n\n\n\n<li><strong>Conte com o suporte profissional<\/strong>: Profissionais de <strong>limpieza post mortem<\/strong> lidam com esses cen\u00e1rios com empatia e respeitam o momento dos familiares.<\/li>\n\n\n\n<li><strong>Lembre-se das boas mem\u00f3rias<\/strong>: Guardar um objeto ou recorda\u00e7\u00e3o especial pode ajudar a suavizar a tristeza e preservar a mem\u00f3ria de quem partiu.<\/li>\n<\/ul>\n\n\n\n<h3 class=\"wp-block-heading\" id=\"h-vantagens-de-contratar-um-servico-de-limpeza-pos-morte-profissional\"><a><\/a><strong>Vantagens de Contratar um Servi\u00e7o de Limpeza P\u00f3s-Morte Profissional<\/strong><\/h3>\n\n\n\n<p>Optar por um servi\u00e7o especializado de <strong>limpieza post mortem<\/strong> traz uma s\u00e9rie de benef\u00edcios, tanto do ponto de vista da seguran\u00e7a quanto do conforto emocional. Um dos maiores riscos de realizar a limpeza sem profissionais capacitados \u00e9 a exposi\u00e7\u00e3o a agentes patog\u00eanicos que podem causar infec\u00e7\u00f5es ou intoxica\u00e7\u00f5es. Al\u00e9m disso, a equipe profissional garante que o ambiente estar\u00e1 seguro, limpo e desinfectado de maneira que nenhuma contamina\u00e7\u00e3o reste no local.<\/p>\n\n\n\n<p><strong>Seguran\u00e7a Completa:<\/strong> Produtos e equipamentos especializados garantem uma desinfec\u00e7\u00e3o total.<\/p>\n\n\n\n<p><strong>Prote\u00e7\u00e3o Emocional: <\/strong>Delegar a tarefa aos profissionais reduz o peso emocional da despedida.<\/p>\n\n\n\n<p><strong>Elimina\u00e7\u00e3o de Riscos: <\/strong>A equipe treinada sabe lidar com res\u00edduos biol\u00f3gicos com seguran\u00e7a, protegendo a sa\u00fade dos familiares.<\/p>\n\n\n\n<p><strong>Prontid\u00e3o do Ambiente:<\/strong> Ap\u00f3s a limpeza, o local est\u00e1 seguro para uso, proporcionando tranquilidade aos familiares.<\/p>\n\n\n\n<h3 class=\"wp-block-heading\" id=\"h-attuale-brasil-excelencia-e-cuidado-em-limpeza-pos-morte\"><a><\/a><a href=\"https:\/\/attualebrasil.com.br\/\"><strong>Brasil actual<\/strong><\/a><strong>: Excel\u00eancia e Cuidado em Limpeza P\u00f3s-Morte<\/strong><\/h3>\n\n\n\n<p>LA <a href=\"https:\/\/attualebrasil.com.br\/\"><strong>Brasil actual<\/strong><\/a> \u00e9 a primeira empresa brasileira a se especializar em servi\u00e7os de <strong>limpieza post mortem<\/strong>, desinfec\u00e7\u00e3o e higieniza\u00e7\u00e3o de ambientes contaminados, oferecendo um suporte que vai muito al\u00e9m da limpeza. Com um dispositivo de desinfec\u00e7\u00e3o ultrass\u00f4nico inovador, a Attuale utiliza microgot\u00edculas ultrapequenas que penetram profundamente nas superf\u00edcies, eliminando qualquer tra\u00e7o de contamina\u00e7\u00e3o.<\/p>\n\n\n\n<p>Ao escolher a <a href=\"https:\/\/attualebrasil.com.br\/\">Attuale<\/a>, voc\u00ea conta com profissionais que compreendem a delicadeza desse momento e trabalham para oferecer um ambiente seguro, livre de contamina\u00e7\u00f5es e pronto para ser reintegrado com paz e seguran\u00e7a.<\/p>\n\n\n\n<p><a href=\"https:\/\/attualebrasil.com.br\/\">Entre en contacto<\/a> e saiba mais.<\/p>","protected":false},"excerpt":{"rendered":"<p>Lidar com a perda de algu\u00e9m pr\u00f3ximo \u00e9 um dos momentos mais dif\u00edceis da vida. Al\u00e9m de lidar com o luto, h\u00e1 quest\u00f5es pr\u00e1ticas a serem resolvidas, e uma delas \u00e9 a limpeza p\u00f3s-morte. Esse processo envolve cuidados especiais e profissionais capacitados para garantir que o ambiente seja seguro e limpo. Vamos entender como essa [&hellip;]<\/p>\n","protected":false},"author":6,"featured_media":3056,"comment_status":"open","ping_status":"closed","sticky":false,"template":"","format":"standard","meta":{"footnotes":""},"categories":[1],"tags":[78,79,81,140],"class_list":["post-3169","post","type-post","status-publish","format-standard","has-post-thumbnail","hentry","category-blog","tag-desinfeccao-de-ambientes","tag-limpeza-especializada","tag-limpeza-pos-morte","tag-limpeza-pos-morte-2"],"yoast_head":"<!-- This site is optimized with the Yoast SEO Premium plugin v21.1 (Yoast SEO v27.4) - https:\/\/yoast.com\/product\/yoast-seo-premium-wordpress\/ -->\n<title>Limpeza p\u00f3s-morte: como lidar com a despedida e o processo de limpeza? | Attuale Brasil<\/title>\n<meta name=\"description\" content=\"Lidar com a perda de algu\u00e9m pr\u00f3ximo \u00e9 um dos momentos mais dif\u00edceis da vida. Al\u00e9m de lidar com o luto, h\u00e1 quest\u00f5es pr\u00e1ticas a serem resolvidas, e uma\" \/>\n<meta name=\"robots\" content=\"index, follow, max-snippet:-1, max-image-preview:large, max-video-preview:-1\" \/>\n<link rel=\"canonical\" href=\"https:\/\/attualebrasil.com.br\/es\/limpeza-pos-morte-como-lidar-com-a-despedida-e-o-processo-de-limpeza\/\" \/>\n<meta property=\"og:locale\" content=\"es_ES\" \/>\n<meta property=\"og:type\" content=\"article\" \/>\n<meta property=\"og:title\" content=\"Limpeza p\u00f3s-morte: como lidar com a despedida e o processo de limpeza?\" \/>\n<meta property=\"og:description\" content=\"Lidar com a perda de algu\u00e9m pr\u00f3ximo \u00e9 um dos momentos mais dif\u00edceis da vida. Al\u00e9m de lidar com o luto, h\u00e1 quest\u00f5es pr\u00e1ticas a serem resolvidas, e uma\" \/>\n<meta property=\"og:url\" content=\"https:\/\/attualebrasil.com.br\/es\/limpeza-pos-morte-como-lidar-com-a-despedida-e-o-processo-de-limpeza\/\" \/>\n<meta property=\"og:site_name\" content=\"Attuale Brasil\" \/>\n<meta property=\"article:publisher\" content=\"https:\/\/www.facebook.com\/attualebrasil.com.br\/\" \/>\n<meta property=\"article:published_time\" content=\"2025-02-18T18:59:01+00:00\" \/>\n<meta property=\"article:modified_time\" content=\"2025-08-11T15:00:27+00:00\" \/>\n<meta property=\"og:image\" content=\"https:\/\/attualebrasil.com.br\/wp-content\/uploads\/2024\/07\/ncsc-commercial-cleanup-hero.jpg\" \/>\n\t<meta property=\"og:image:width\" content=\"1000\" \/>\n\t<meta property=\"og:image:height\" content=\"667\" \/>\n\t<meta property=\"og:image:type\" content=\"image\/jpeg\" \/>\n<meta name=\"author\" content=\"admin\" \/>\n<meta name=\"twitter:card\" content=\"summary_large_image\" \/>\n<meta name=\"twitter:label1\" content=\"Escrito por\" \/>\n\t<meta name=\"twitter:data1\" content=\"admin\" \/>\n\t<meta name=\"twitter:label2\" content=\"Tiempo de lectura\" \/>\n\t<meta name=\"twitter:data2\" content=\"4 minutos\" \/>\n<script type=\"application\/ld+json\" class=\"yoast-schema-graph\">{\"@context\":\"https:\\\/\\\/schema.org\",\"@graph\":[{\"@type\":\"Article\",\"@id\":\"https:\\\/\\\/attualebrasil.com.br\\\/limpeza-pos-morte-como-lidar-com-a-despedida-e-o-processo-de-limpeza\\\/#article\",\"isPartOf\":{\"@id\":\"https:\\\/\\\/attualebrasil.com.br\\\/limpeza-pos-morte-como-lidar-com-a-despedida-e-o-processo-de-limpeza\\\/\"},\"author\":{\"name\":\"admin\",\"@id\":\"https:\\\/\\\/attualebrasil.com.br\\\/#\\\/schema\\\/person\\\/9fb3189e922f5ed15c85b9cb2893320f\"},\"headline\":\"Limpeza p\u00f3s-morte: como lidar com a despedida e o processo de limpeza?\",\"datePublished\":\"2025-02-18T18:59:01+00:00\",\"dateModified\":\"2025-08-11T15:00:27+00:00\",\"mainEntityOfPage\":{\"@id\":\"https:\\\/\\\/attualebrasil.com.br\\\/limpeza-pos-morte-como-lidar-com-a-despedida-e-o-processo-de-limpeza\\\/\"},\"wordCount\":816,\"commentCount\":0,\"publisher\":{\"@id\":\"https:\\\/\\\/attualebrasil.com.br\\\/#organization\"},\"image\":{\"@id\":\"https:\\\/\\\/attualebrasil.com.br\\\/limpeza-pos-morte-como-lidar-com-a-despedida-e-o-processo-de-limpeza\\\/#primaryimage\"},\"thumbnailUrl\":\"https:\\\/\\\/attualebrasil.com.br\\\/wp-content\\\/uploads\\\/2024\\\/07\\\/ncsc-commercial-cleanup-hero.jpg\",\"keywords\":[\"desinfec\u00e7\u00e3o de ambientes\",\"limpeza especializada\",\"limpeza p\u00f3s morte\",\"limpeza pos morte\"],\"articleSection\":[\"Blog\"],\"inLanguage\":\"es\",\"potentialAction\":[{\"@type\":\"CommentAction\",\"name\":\"Comment\",\"target\":[\"https:\\\/\\\/attualebrasil.com.br\\\/limpeza-pos-morte-como-lidar-com-a-despedida-e-o-processo-de-limpeza\\\/#respond\"]}]},{\"@type\":\"WebPage\",\"@id\":\"https:\\\/\\\/attualebrasil.com.br\\\/limpeza-pos-morte-como-lidar-com-a-despedida-e-o-processo-de-limpeza\\\/\",\"url\":\"https:\\\/\\\/attualebrasil.com.br\\\/limpeza-pos-morte-como-lidar-com-a-despedida-e-o-processo-de-limpeza\\\/\",\"name\":\"Limpeza p\u00f3s-morte: como lidar com a despedida e o processo de limpeza? | Attuale Brasil\",\"isPartOf\":{\"@id\":\"https:\\\/\\\/attualebrasil.com.br\\\/#website\"},\"primaryImageOfPage\":{\"@id\":\"https:\\\/\\\/attualebrasil.com.br\\\/limpeza-pos-morte-como-lidar-com-a-despedida-e-o-processo-de-limpeza\\\/#primaryimage\"},\"image\":{\"@id\":\"https:\\\/\\\/attualebrasil.com.br\\\/limpeza-pos-morte-como-lidar-com-a-despedida-e-o-processo-de-limpeza\\\/#primaryimage\"},\"thumbnailUrl\":\"https:\\\/\\\/attualebrasil.com.br\\\/wp-content\\\/uploads\\\/2024\\\/07\\\/ncsc-commercial-cleanup-hero.jpg\",\"datePublished\":\"2025-02-18T18:59:01+00:00\",\"dateModified\":\"2025-08-11T15:00:27+00:00\",\"description\":\"Lidar com a perda de algu\u00e9m pr\u00f3ximo \u00e9 um dos momentos mais dif\u00edceis da vida. Al\u00e9m de lidar com o luto, h\u00e1 quest\u00f5es pr\u00e1ticas a serem resolvidas, e uma\",\"breadcrumb\":{\"@id\":\"https:\\\/\\\/attualebrasil.com.br\\\/limpeza-pos-morte-como-lidar-com-a-despedida-e-o-processo-de-limpeza\\\/#breadcrumb\"},\"inLanguage\":\"es\",\"potentialAction\":[{\"@type\":\"ReadAction\",\"target\":[\"https:\\\/\\\/attualebrasil.com.br\\\/limpeza-pos-morte-como-lidar-com-a-despedida-e-o-processo-de-limpeza\\\/\"]}]},{\"@type\":\"ImageObject\",\"inLanguage\":\"es\",\"@id\":\"https:\\\/\\\/attualebrasil.com.br\\\/limpeza-pos-morte-como-lidar-com-a-despedida-e-o-processo-de-limpeza\\\/#primaryimage\",\"url\":\"https:\\\/\\\/attualebrasil.com.br\\\/wp-content\\\/uploads\\\/2024\\\/07\\\/ncsc-commercial-cleanup-hero.jpg\",\"contentUrl\":\"https:\\\/\\\/attualebrasil.com.br\\\/wp-content\\\/uploads\\\/2024\\\/07\\\/ncsc-commercial-cleanup-hero.jpg\",\"width\":1000,\"height\":667},{\"@type\":\"BreadcrumbList\",\"@id\":\"https:\\\/\\\/attualebrasil.com.br\\\/limpeza-pos-morte-como-lidar-com-a-despedida-e-o-processo-de-limpeza\\\/#breadcrumb\",\"itemListElement\":[{\"@type\":\"ListItem\",\"position\":1,\"name\":\"In\u00edcio\",\"item\":\"https:\\\/\\\/attualebrasil.com.br\\\/\"},{\"@type\":\"ListItem\",\"position\":2,\"name\":\"Limpeza p\u00f3s-morte: como lidar com a despedida e o processo de limpeza?\"}]},{\"@type\":\"WebSite\",\"@id\":\"https:\\\/\\\/attualebrasil.com.br\\\/#website\",\"url\":\"https:\\\/\\\/attualebrasil.com.br\\\/\",\"name\":\"Attuale Brasil\",\"description\":\"Limpeza p\u00f3s morte e Servi\u00e7os de Descontamina\u00e7\u00e3o \",\"publisher\":{\"@id\":\"https:\\\/\\\/attualebrasil.com.br\\\/#organization\"},\"potentialAction\":[{\"@type\":\"SearchAction\",\"target\":{\"@type\":\"EntryPoint\",\"urlTemplate\":\"https:\\\/\\\/attualebrasil.com.br\\\/?s={search_term_string}\"},\"query-input\":{\"@type\":\"PropertyValueSpecification\",\"valueRequired\":true,\"valueName\":\"search_term_string\"}}],\"inLanguage\":\"es\"},{\"@type\":\"Organization\",\"@id\":\"https:\\\/\\\/attualebrasil.com.br\\\/#organization\",\"name\":\"Attuale Brasil\",\"url\":\"https:\\\/\\\/attualebrasil.com.br\\\/\",\"logo\":{\"@type\":\"ImageObject\",\"inLanguage\":\"es\",\"@id\":\"https:\\\/\\\/attualebrasil.com.br\\\/#\\\/schema\\\/logo\\\/image\\\/\",\"url\":\"https:\\\/\\\/attualebrasil.com.br\\\/wp-content\\\/uploads\\\/2022\\\/05\\\/logo-1.jpg\",\"contentUrl\":\"https:\\\/\\\/attualebrasil.com.br\\\/wp-content\\\/uploads\\\/2022\\\/05\\\/logo-1.jpg\",\"width\":100,\"height\":100,\"caption\":\"Attuale Brasil\"},\"image\":{\"@id\":\"https:\\\/\\\/attualebrasil.com.br\\\/#\\\/schema\\\/logo\\\/image\\\/\"},\"sameAs\":[\"https:\\\/\\\/www.facebook.com\\\/attualebrasil.com.br\\\/\"]},{\"@type\":\"Person\",\"@id\":\"https:\\\/\\\/attualebrasil.com.br\\\/#\\\/schema\\\/person\\\/9fb3189e922f5ed15c85b9cb2893320f\",\"name\":\"admin\",\"image\":{\"@type\":\"ImageObject\",\"inLanguage\":\"es\",\"@id\":\"https:\\\/\\\/secure.gravatar.com\\\/avatar\\\/b8e842f14f7b38053f23d90f1fa1edba1ef652c34bd4ba5f74e53837387326ae?s=96&d=mm&r=g\",\"url\":\"https:\\\/\\\/secure.gravatar.com\\\/avatar\\\/b8e842f14f7b38053f23d90f1fa1edba1ef652c34bd4ba5f74e53837387326ae?s=96&d=mm&r=g\",\"contentUrl\":\"https:\\\/\\\/secure.gravatar.com\\\/avatar\\\/b8e842f14f7b38053f23d90f1fa1edba1ef652c34bd4ba5f74e53837387326ae?s=96&d=mm&r=g\",\"caption\":\"admin\"}}]}<\/script>\n<!-- \/ Yoast SEO Premium plugin. -->","yoast_head_json":{"title":"Limpeza p\u00f3s-morte: como lidar com a despedida e o processo de limpeza? | Attuale Brasil","description":"Lidar com a perda de algu\u00e9m pr\u00f3ximo \u00e9 um dos momentos mais dif\u00edceis da vida. Al\u00e9m de lidar com o luto, h\u00e1 quest\u00f5es pr\u00e1ticas a serem resolvidas, e uma","robots":{"index":"index","follow":"follow","max-snippet":"max-snippet:-1","max-image-preview":"max-image-preview:large","max-video-preview":"max-video-preview:-1"},"canonical":"https:\/\/attualebrasil.com.br\/es\/limpeza-pos-morte-como-lidar-com-a-despedida-e-o-processo-de-limpeza\/","og_locale":"es_ES","og_type":"article","og_title":"Limpeza p\u00f3s-morte: como lidar com a despedida e o processo de limpeza?","og_description":"Lidar com a perda de algu\u00e9m pr\u00f3ximo \u00e9 um dos momentos mais dif\u00edceis da vida. Al\u00e9m de lidar com o luto, h\u00e1 quest\u00f5es pr\u00e1ticas a serem resolvidas, e uma","og_url":"https:\/\/attualebrasil.com.br\/es\/limpeza-pos-morte-como-lidar-com-a-despedida-e-o-processo-de-limpeza\/","og_site_name":"Attuale Brasil","article_publisher":"https:\/\/www.facebook.com\/attualebrasil.com.br\/","article_published_time":"2025-02-18T18:59:01+00:00","article_modified_time":"2025-08-11T15:00:27+00:00","og_image":[{"width":1000,"height":667,"url":"https:\/\/attualebrasil.com.br\/wp-content\/uploads\/2024\/07\/ncsc-commercial-cleanup-hero.jpg","type":"image\/jpeg"}],"author":"admin","twitter_card":"summary_large_image","twitter_misc":{"Escrito por":"admin","Tiempo de lectura":"4 minutos"},"schema":{"@context":"https:\/\/schema.org","@graph":[{"@type":"Article","@id":"https:\/\/attualebrasil.com.br\/limpeza-pos-morte-como-lidar-com-a-despedida-e-o-processo-de-limpeza\/#article","isPartOf":{"@id":"https:\/\/attualebrasil.com.br\/limpeza-pos-morte-como-lidar-com-a-despedida-e-o-processo-de-limpeza\/"},"author":{"name":"admin","@id":"https:\/\/attualebrasil.com.br\/#\/schema\/person\/9fb3189e922f5ed15c85b9cb2893320f"},"headline":"Limpeza p\u00f3s-morte: como lidar com a despedida e o processo de limpeza?","datePublished":"2025-02-18T18:59:01+00:00","dateModified":"2025-08-11T15:00:27+00:00","mainEntityOfPage":{"@id":"https:\/\/attualebrasil.com.br\/limpeza-pos-morte-como-lidar-com-a-despedida-e-o-processo-de-limpeza\/"},"wordCount":816,"commentCount":0,"publisher":{"@id":"https:\/\/attualebrasil.com.br\/#organization"},"image":{"@id":"https:\/\/attualebrasil.com.br\/limpeza-pos-morte-como-lidar-com-a-despedida-e-o-processo-de-limpeza\/#primaryimage"},"thumbnailUrl":"https:\/\/attualebrasil.com.br\/wp-content\/uploads\/2024\/07\/ncsc-commercial-cleanup-hero.jpg","keywords":["desinfec\u00e7\u00e3o de ambientes","limpeza especializada","limpeza p\u00f3s morte","limpeza pos morte"],"articleSection":["Blog"],"inLanguage":"es","potentialAction":[{"@type":"CommentAction","name":"Comment","target":["https:\/\/attualebrasil.com.br\/limpeza-pos-morte-como-lidar-com-a-despedida-e-o-processo-de-limpeza\/#respond"]}]},{"@type":"WebPage","@id":"https:\/\/attualebrasil.com.br\/limpeza-pos-morte-como-lidar-com-a-despedida-e-o-processo-de-limpeza\/","url":"https:\/\/attualebrasil.com.br\/limpeza-pos-morte-como-lidar-com-a-despedida-e-o-processo-de-limpeza\/","name":"Limpeza p\u00f3s-morte: como lidar com a despedida e o processo de limpeza? | Attuale Brasil","isPartOf":{"@id":"https:\/\/attualebrasil.com.br\/#website"},"primaryImageOfPage":{"@id":"https:\/\/attualebrasil.com.br\/limpeza-pos-morte-como-lidar-com-a-despedida-e-o-processo-de-limpeza\/#primaryimage"},"image":{"@id":"https:\/\/attualebrasil.com.br\/limpeza-pos-morte-como-lidar-com-a-despedida-e-o-processo-de-limpeza\/#primaryimage"},"thumbnailUrl":"https:\/\/attualebrasil.com.br\/wp-content\/uploads\/2024\/07\/ncsc-commercial-cleanup-hero.jpg","datePublished":"2025-02-18T18:59:01+00:00","dateModified":"2025-08-11T15:00:27+00:00","description":"Lidar com a perda de algu\u00e9m pr\u00f3ximo \u00e9 um dos momentos mais dif\u00edceis da vida. Al\u00e9m de lidar com o luto, h\u00e1 quest\u00f5es pr\u00e1ticas a serem resolvidas, e uma","breadcrumb":{"@id":"https:\/\/attualebrasil.com.br\/limpeza-pos-morte-como-lidar-com-a-despedida-e-o-processo-de-limpeza\/#breadcrumb"},"inLanguage":"es","potentialAction":[{"@type":"ReadAction","target":["https:\/\/attualebrasil.com.br\/limpeza-pos-morte-como-lidar-com-a-despedida-e-o-processo-de-limpeza\/"]}]},{"@type":"ImageObject","inLanguage":"es","@id":"https:\/\/attualebrasil.com.br\/limpeza-pos-morte-como-lidar-com-a-despedida-e-o-processo-de-limpeza\/#primaryimage","url":"https:\/\/attualebrasil.com.br\/wp-content\/uploads\/2024\/07\/ncsc-commercial-cleanup-hero.jpg","contentUrl":"https:\/\/attualebrasil.com.br\/wp-content\/uploads\/2024\/07\/ncsc-commercial-cleanup-hero.jpg","width":1000,"height":667},{"@type":"BreadcrumbList","@id":"https:\/\/attualebrasil.com.br\/limpeza-pos-morte-como-lidar-com-a-despedida-e-o-processo-de-limpeza\/#breadcrumb","itemListElement":[{"@type":"ListItem","position":1,"name":"In\u00edcio","item":"https:\/\/attualebrasil.com.br\/"},{"@type":"ListItem","position":2,"name":"Limpeza p\u00f3s-morte: como lidar com a despedida e o processo de limpeza?"}]},{"@type":"WebSite","@id":"https:\/\/attualebrasil.com.br\/#website","url":"https:\/\/attualebrasil.com.br\/","name":"Brasil actual","description":"Limpeza p\u00f3s morte e Servi\u00e7os de Descontamina\u00e7\u00e3o","publisher":{"@id":"https:\/\/attualebrasil.com.br\/#organization"},"potentialAction":[{"@type":"SearchAction","target":{"@type":"EntryPoint","urlTemplate":"https:\/\/attualebrasil.com.br\/?s={search_term_string}"},"query-input":{"@type":"PropertyValueSpecification","valueRequired":true,"valueName":"search_term_string"}}],"inLanguage":"es"},{"@type":"Organization","@id":"https:\/\/attualebrasil.com.br\/#organization","name":"Brasil actual","url":"https:\/\/attualebrasil.com.br\/","logo":{"@type":"ImageObject","inLanguage":"es","@id":"https:\/\/attualebrasil.com.br\/#\/schema\/logo\/image\/","url":"https:\/\/attualebrasil.com.br\/wp-content\/uploads\/2022\/05\/logo-1.jpg","contentUrl":"https:\/\/attualebrasil.com.br\/wp-content\/uploads\/2022\/05\/logo-1.jpg","width":100,"height":100,"caption":"Attuale Brasil"},"image":{"@id":"https:\/\/attualebrasil.com.br\/#\/schema\/logo\/image\/"},"sameAs":["https:\/\/www.facebook.com\/attualebrasil.com.br\/"]},{"@type":"Person","@id":"https:\/\/attualebrasil.com.br\/#\/schema\/person\/9fb3189e922f5ed15c85b9cb2893320f","name":"admin","image":{"@type":"ImageObject","inLanguage":"es","@id":"https:\/\/secure.gravatar.com\/avatar\/b8e842f14f7b38053f23d90f1fa1edba1ef652c34bd4ba5f74e53837387326ae?s=96&d=mm&r=g","url":"https:\/\/secure.gravatar.com\/avatar\/b8e842f14f7b38053f23d90f1fa1edba1ef652c34bd4ba5f74e53837387326ae?s=96&d=mm&r=g","contentUrl":"https:\/\/secure.gravatar.com\/avatar\/b8e842f14f7b38053f23d90f1fa1edba1ef652c34bd4ba5f74e53837387326ae?s=96&d=mm&r=g","caption":"admin"}}]}},"_links":{"self":[{"href":"https:\/\/attualebrasil.com.br\/es\/wp-json\/wp\/v2\/posts\/3169","targetHints":{"allow":["GET"]}}],"collection":[{"href":"https:\/\/attualebrasil.com.br\/es\/wp-json\/wp\/v2\/posts"}],"about":[{"href":"https:\/\/attualebrasil.com.br\/es\/wp-json\/wp\/v2\/types\/post"}],"author":[{"embeddable":true,"href":"https:\/\/attualebrasil.com.br\/es\/wp-json\/wp\/v2\/users\/6"}],"replies":[{"embeddable":true,"href":"https:\/\/attualebrasil.com.br\/es\/wp-json\/wp\/v2\/comments?post=3169"}],"version-history":[{"count":1,"href":"https:\/\/attualebrasil.com.br\/es\/wp-json\/wp\/v2\/posts\/3169\/revisions"}],"predecessor-version":[{"id":3170,"href":"https:\/\/attualebrasil.com.br\/es\/wp-json\/wp\/v2\/posts\/3169\/revisions\/3170"}],"wp:featuredmedia":[{"embeddable":true,"href":"https:\/\/attualebrasil.com.br\/es\/wp-json\/wp\/v2\/media\/3056"}],"wp:attachment":[{"href":"https:\/\/attualebrasil.com.br\/es\/wp-json\/wp\/v2\/media?parent=3169"}],"wp:term":[{"taxonomy":"category","embeddable":true,"href":"https:\/\/attualebrasil.com.br\/es\/wp-json\/wp\/v2\/categories?post=3169"},{"taxonomy":"post_tag","embeddable":true,"href":"https:\/\/attualebrasil.com.br\/es\/wp-json\/wp\/v2\/tags?post=3169"}],"curies":[{"name":"wp","href":"https:\/\/api.w.org\/{rel}","templated":true}]}}